[{"@context":"https:\/\/schema.org\/","@type":"Article","@id":"https:\/\/www.cmad.sk\/obliekajte-sa-stylovo\/#Article","mainEntityOfPage":"https:\/\/www.cmad.sk\/obliekajte-sa-stylovo\/","headline":"Obliekajte sa \u0161t\u00fdlovo","name":"Obliekajte sa \u0161t\u00fdlovo","description":"Radi sa obliekate ve\u013emi pekne? O to, \u010di va\u0161e oble\u010denie je pekn\u00e9 v\u0161ak rozhodn\u00fa in\u00ed \u013eudia. Ak v\u00e1s chv\u00e1lia alebo sa pozeraj\u00fa na v\u00e1s s \u00fasmevom, ur\u010dite pochop\u00edte, \u017ee ste&hellip;","datePublished":"2024-05-31","dateModified":"2024-05-31","author":{"@type":"Person","@id":"https:\/\/www.cmad.sk\/author\/#Person","name":"","url":"https:\/\/www.cmad.sk\/author\/","identifier":1,"image":{"@type":"ImageObject","@id":"https:\/\/secure.gravatar.com\/avatar\/9994033610bfa8d5c75e7c2dd1b5bdd54900f4ed2e7e5c6722d4887246e31af4?s=96&d=mm&r=g","url":"https:\/\/secure.gravatar.com\/avatar\/9994033610bfa8d5c75e7c2dd1b5bdd54900f4ed2e7e5c6722d4887246e31af4?s=96&d=mm&r=g","height":96,"width":96}},"publisher":{"@type":"Organization","name":"cmad.sk","logo":{"@type":"ImageObject","@id":"\/logo.png","url":"\/logo.png","width":600,"height":60}},"image":{"@type":"ImageObject","@id":"https:\/\/www.cmad.sk\/wp-content\/uploads\/dress-2583113_640_2.jpg","url":"https:\/\/www.cmad.sk\/wp-content\/uploads\/dress-2583113_640_2.jpg","height":0,"width":0},"url":"https:\/\/www.cmad.sk\/obliekajte-sa-stylovo\/","about":["M\u00f3da"],"wordCount":427,"articleBody":"Radi sa obliekate ve\u013emi pekne? O to, \u010di va\u0161e oble\u010denie je pekn\u00e9 v\u0161ak rozhodn\u00fa in\u00ed \u013eudia. Ak v\u00e1s chv\u00e1lia alebo sa pozeraj\u00fa na v\u00e1s s \u00fasmevom, ur\u010dite pochop\u00edte, \u017ee ste sa pekne obliekli. Niekedy, ke\u010f sa pozriem na teenagerov, pomysl\u00edm si, \u017ee nemaj\u00fa vkus. Daj\u00fa si na seba roztrhan\u00e9 nohavice, z ktor\u00fdch e\u0161te aj nitky tr\u010dia. Roz\u0165ahan\u00e9 oversize tri\u010dko im ur\u010dite nepristane. Niektor\u00ed teenageri sa nevedia proste obliec\u0165. Obliekaj\u00fa sa proste sami. A to aj vidno. Mali by sa s\u00fastredi\u0165 na to, aby ich krivky boli vidno. Niektor\u00e9 teenagerky v\u0161ak ako keby nemali ani vkus. Teenageri by sa mali oblieka\u0165 pod\u013ea toho, ak\u00e9 oble\u010denie im k\u00fapia ich rodi\u010dia.Pr\u00e1ve rodi\u010dia by svoje deti mali usmer\u0148ova\u0165 v tom, ako vyzeraj\u00fa, ke\u010f vyjd\u00fa z bytu alebo z rodinn\u00e9ho domu. Rodi\u010d je neust\u00e1le zodpovedn\u00fd za to, ako jeho die\u0165a chod\u00ed oble\u010den\u00e9. Aj vy radi kupujete oble\u010denie pre svojich teenagerov? Bav\u00ed v\u00e1s pozeranie r\u00f4zneho oble\u010denia v obchodoch alebo nakupujete oble\u010denie online na r\u00f4znych webov\u00fdch str\u00e1nkach? Vyberajte v\u017edy pekn\u00e9 a vkusn\u00e9 k\u00fasky oble\u010denia aj pre svojich dospievaj\u00facich teenagerov. Dospel\u00e9 \u017eeny sa vedia u\u017e celkom oblieka\u0165. Obliekaj\u00fa si na seba r\u00f4zne pekn\u00e9 \u0161aty alebo r\u00f4zne pekn\u00e9 tri\u010dk\u00e1, ku ktor\u00fdm pridaj\u00fa nejak\u00e9 pekn\u00e9 \u0161ortky. U\u017e nie roztrhan\u00e9. A v tom je ve\u013ek\u00fd rozdiel.\u010cist\u00e9, oprat\u00e9 a vy\u017eehlen\u00e9 oble\u010denie p\u00f4sob\u00ed na in\u00fdch ve\u013emi vkusne. Je to podstatn\u00e9, aby sa na v\u00e1s nepozerali zle in\u00ed \u013eudia. Oble\u010denie by ste mali kupova\u0165 pod\u013ea toho, aby sa v\u00e1m hodilo aj k in\u00e9mu oble\u010deniu, ktor\u00e9 u\u017e m\u00e1te vo svojom \u0161atn\u00edku. Mali by ste si n\u00e1js\u0165 svoj vkus, ktor\u00e9ho sa budete dr\u017ea\u0165. Pr\u00e1ve tak\u00e9 oble\u010denie by ste si mali aj kupova\u0165. Kupujete oble\u010denie aj pre svoje deti? Vy im ur\u010dujete ich vkus. V\u017edy kupujte svojim de\u0165om tak\u00e9 oble\u010denie, ktor\u00e9 sa aj v\u00e1m p\u00e1\u010di. Aby va\u0161e die\u0165a vyzeralo v\u017edy dobre a pekne, ur\u010dite mu kupujte pekn\u00e9 oble\u010denie. Oble\u010denie bude nosi\u0165 aj po\u010das \u0161kolsk\u00e9ho obdobia, kedy je to, ako sa oblieka podstatn\u00e9. Pod\u013ea oble\u010denia ho bud\u00fa s\u00fadi\u0165 ostatn\u00ed spolu\u017eiaci. Nedovo\u013ete, aby sa v\u00e1\u0161mu die\u0165a\u0165u nejak\u00fd spolu\u017eiak posmieval, za to ako sa oblieka.                                                                                                                                                                                                                                                                                                                                                                                        4.7\/5 - (9 votes)        "},{"@context":"https:\/\/schema.org\/","@type":"BreadcrumbList","itemListElement":[{"@type":"ListItem","position":1,"name":"Obliekajte sa \u0161t\u00fdlovo","item":"https:\/\/www.cmad.sk\/obliekajte-sa-stylovo\/#breadcrumbitem"}]}]